{"id":23937,"date":"2026-09-04T09:35:57","date_gmt":"2026-09-04T12:35:57","guid":{"rendered":"https:\/\/progic.com.br\/?p=23937"},"modified":"2026-09-04T09:44:24","modified_gmt":"2026-09-04T12:44:24","slug":"septiembre-amarillo-calendario-del-cuidado","status":"publish","type":"post","link":"https:\/\/progic.com.br\/es\/septiembre-amarillo-calendario-del-cuidado\/","title":{"rendered":"D\u00eda Mundial de la Sonrisa: nuevo video disponible"},"content":{"rendered":"\n<p class=\"wp-block-paragraph\">Promover el bienestar tambi\u00e9n implica fomentar momentos de alegr\u00eda. El D\u00eda Mundial de la Sonrisa, celebrado el primer viernes de octubre, invita a todos a compartir amabilidad, optimismo y una actitud positiva. Nuestro video especial destaca c\u00f3mo una simple sonrisa puede transformar el ambiente, acercar a las personas y hacer el d\u00eda m\u00e1s agradable. Despu\u00e9s de todo, sonre\u00edr es un gesto peque\u00f1o, pero con un gran impacto.<\/p>\n\n\n\n<p class=\"wp-block-paragraph\">Conte\u00fados > Creative > Vinhetas > Datas Importantes<\/p>\n\n\n\n<figure class=\"wp-block-embed is-type-video is-provider-youtube wp-block-embed-youtube wp-embed-aspect-16-9 wp-has-aspect-ratio\"><div class=\"wp-block-embed__wrapper\">\n<iframe loading=\"lazy\" title=\"Dia Mundial do Sorriso - Vinheta\" width=\"500\" height=\"281\" src=\"https:\/\/www.youtube.com\/embed\/tReu7aIc0kw?feature=oembed\" frameborder=\"0\" allow=\"accelerometer; autoplay; clipboard-write; encrypted-media; gyroscope; picture-in-picture; web-share\" referrerpolicy=\"strict-origin-when-cross-origin\" allowfullscreen><\/iframe>\n<\/div><\/figure>\n","protected":false},"excerpt":{"rendered":"<p>Promover el bienestar tambi\u00e9n implica fomentar momentos de alegr\u00eda. El D\u00eda Mundial de la [&hellip;]<\/p>\n","protected":false},"author":15,"featured_media":23940,"comment_status":"closed","ping_status":"closed","sticky":false,"template":"","format":"standard","meta":{"_acf_changed":false,"footnotes":""},"categories":[9,36,3,37],"tags":[],"class_list":["post-23937","post","type-post","status-publish","format-standard","has-post-thumbnail","hentry","category-campanhas","category-novos-conteudos"],"acf":[],"yoast_head":"<!-- This site is optimized with the Yoast SEO plugin v27.7 - https:\/\/yoast.com\/product\/yoast-seo-wordpress\/ -->\n<title>D\u00eda Mundial de la Sonrisa: nuevo video disponible - Progic<\/title>\n<meta name=\"robots\" content=\"index, follow, max-snippet:-1, max-image-preview:large, max-video-preview:-1\" \/>\n<link rel=\"canonical\" href=\"https:\/\/progic.com.br\/es\/septiembre-amarillo-calendario-del-cuidado\/\" \/>\n<meta property=\"og:locale\" content=\"es_ES\" \/>\n<meta property=\"og:type\" content=\"article\" \/>\n<meta property=\"og:title\" content=\"D\u00eda Mundial de la Sonrisa: nuevo video disponible - Progic\" \/>\n<meta property=\"og:description\" content=\"Promover el bienestar tambi\u00e9n implica fomentar momentos de alegr\u00eda. El D\u00eda Mundial de la [&hellip;]\" \/>\n<meta property=\"og:url\" content=\"https:\/\/progic.com.br\/es\/septiembre-amarillo-calendario-del-cuidado\/\" \/>\n<meta property=\"og:site_name\" content=\"Progic\" \/>\n<meta property=\"article:publisher\" content=\"https:\/\/www.facebook.com\/progic\" \/>\n<meta property=\"article:published_time\" content=\"2026-09-04T12:35:57+00:00\" \/>\n<meta property=\"article:modified_time\" content=\"2026-09-04T12:44:24+00:00\" \/>\n<meta property=\"og:image\" content=\"https:\/\/progic.com.br\/wp-content\/uploads\/2026\/09\/Email.jpg\" \/>\n\t<meta property=\"og:image:width\" content=\"600\" \/>\n\t<meta property=\"og:image:height\" content=\"300\" \/>\n\t<meta property=\"og:image:type\" content=\"image\/jpeg\" \/>\n<meta name=\"author\" content=\"Simone Seguro\" \/>\n<meta name=\"twitter:card\" content=\"summary_large_image\" \/>\n<meta name=\"twitter:label1\" content=\"Escrito por\" \/>\n\t<meta name=\"twitter:data1\" content=\"Simone Seguro\" \/>\n\t<meta name=\"twitter:label2\" content=\"Tiempo de lectura\" \/>\n\t<meta name=\"twitter:data2\" content=\"1 minuto\" \/>\n<script type=\"application\/ld+json\" class=\"yoast-schema-graph\">{\"@context\":\"https:\\\/\\\/schema.org\",\"@graph\":[{\"@type\":\"Article\",\"@id\":\"https:\\\/\\\/progic.com.br\\\/es\\\/septiembre-amarillo-calendario-del-cuidado\\\/#article\",\"isPartOf\":{\"@id\":\"https:\\\/\\\/progic.com.br\\\/es\\\/septiembre-amarillo-calendario-del-cuidado\\\/\"},\"author\":{\"name\":\"Simone Seguro\",\"@id\":\"https:\\\/\\\/progic.com.br\\\/es\\\/#\\\/schema\\\/person\\\/2ca669f2fbb2660de50cc17fbb11c38f\"},\"headline\":\"D\u00eda Mundial de la Sonrisa: nuevo video disponible\",\"datePublished\":\"2026-09-04T12:35:57+00:00\",\"dateModified\":\"2026-09-04T12:44:24+00:00\",\"mainEntityOfPage\":{\"@id\":\"https:\\\/\\\/progic.com.br\\\/es\\\/septiembre-amarillo-calendario-del-cuidado\\\/\"},\"wordCount\":100,\"publisher\":{\"@id\":\"https:\\\/\\\/progic.com.br\\\/es\\\/#organization\"},\"image\":{\"@id\":\"https:\\\/\\\/progic.com.br\\\/es\\\/septiembre-amarillo-calendario-del-cuidado\\\/#primaryimage\"},\"thumbnailUrl\":\"https:\\\/\\\/progic.com.br\\\/wp-content\\\/uploads\\\/2026\\\/09\\\/Email.jpg\",\"articleSection\":[\"Campanhas\",\"Campanhas\",\"Novos Conte\u00fados\",\"Novos Conte\u00fados\"],\"inLanguage\":\"es\"},{\"@type\":\"WebPage\",\"@id\":\"https:\\\/\\\/progic.com.br\\\/es\\\/septiembre-amarillo-calendario-del-cuidado\\\/\",\"url\":\"https:\\\/\\\/progic.com.br\\\/es\\\/septiembre-amarillo-calendario-del-cuidado\\\/\",\"name\":\"D\u00eda Mundial de la Sonrisa: nuevo video disponible - Progic\",\"isPartOf\":{\"@id\":\"https:\\\/\\\/progic.com.br\\\/es\\\/#website\"},\"primaryImageOfPage\":{\"@id\":\"https:\\\/\\\/progic.com.br\\\/es\\\/septiembre-amarillo-calendario-del-cuidado\\\/#primaryimage\"},\"image\":{\"@id\":\"https:\\\/\\\/progic.com.br\\\/es\\\/septiembre-amarillo-calendario-del-cuidado\\\/#primaryimage\"},\"thumbnailUrl\":\"https:\\\/\\\/progic.com.br\\\/wp-content\\\/uploads\\\/2026\\\/09\\\/Email.jpg\",\"datePublished\":\"2026-09-04T12:35:57+00:00\",\"dateModified\":\"2026-09-04T12:44:24+00:00\",\"breadcrumb\":{\"@id\":\"https:\\\/\\\/progic.com.br\\\/es\\\/septiembre-amarillo-calendario-del-cuidado\\\/#breadcrumb\"},\"inLanguage\":\"es\",\"potentialAction\":[{\"@type\":\"ReadAction\",\"target\":[\"https:\\\/\\\/progic.com.br\\\/es\\\/septiembre-amarillo-calendario-del-cuidado\\\/\"]}]},{\"@type\":\"ImageObject\",\"inLanguage\":\"es\",\"@id\":\"https:\\\/\\\/progic.com.br\\\/es\\\/septiembre-amarillo-calendario-del-cuidado\\\/#primaryimage\",\"url\":\"https:\\\/\\\/progic.com.br\\\/wp-content\\\/uploads\\\/2026\\\/09\\\/Email.jpg\",\"contentUrl\":\"https:\\\/\\\/progic.com.br\\\/wp-content\\\/uploads\\\/2026\\\/09\\\/Email.jpg\",\"width\":600,\"height\":300},{\"@type\":\"BreadcrumbList\",\"@id\":\"https:\\\/\\\/progic.com.br\\\/es\\\/septiembre-amarillo-calendario-del-cuidado\\\/#breadcrumb\",\"itemListElement\":[{\"@type\":\"ListItem\",\"position\":1,\"name\":\"In\u00edcio\",\"item\":\"https:\\\/\\\/progic.com.br\\\/es\\\/\"},{\"@type\":\"ListItem\",\"position\":2,\"name\":\"D\u00eda Mundial de la Sonrisa: nuevo video disponible\"}]},{\"@type\":\"WebSite\",\"@id\":\"https:\\\/\\\/progic.com.br\\\/es\\\/#website\",\"url\":\"https:\\\/\\\/progic.com.br\\\/es\\\/\",\"name\":\"Progic\",\"description\":\"Conectamos pessoas. Simples assim.\",\"publisher\":{\"@id\":\"https:\\\/\\\/progic.com.br\\\/es\\\/#organization\"},\"potentialAction\":[{\"@type\":\"SearchAction\",\"target\":{\"@type\":\"EntryPoint\",\"urlTemplate\":\"https:\\\/\\\/progic.com.br\\\/es\\\/?s={search_term_string}\"},\"query-input\":{\"@type\":\"PropertyValueSpecification\",\"valueRequired\":true,\"valueName\":\"search_term_string\"}}],\"inLanguage\":\"es\"},{\"@type\":\"Organization\",\"@id\":\"https:\\\/\\\/progic.com.br\\\/es\\\/#organization\",\"name\":\"Progic\",\"url\":\"https:\\\/\\\/progic.com.br\\\/es\\\/\",\"logo\":{\"@type\":\"ImageObject\",\"inLanguage\":\"es\",\"@id\":\"https:\\\/\\\/progic.com.br\\\/es\\\/#\\\/schema\\\/logo\\\/image\\\/\",\"url\":\"https:\\\/\\\/progic.com.br\\\/wp-content\\\/uploads\\\/2024\\\/03\\\/1-logo-progic-77x36-1.png\",\"contentUrl\":\"https:\\\/\\\/progic.com.br\\\/wp-content\\\/uploads\\\/2024\\\/03\\\/1-logo-progic-77x36-1.png\",\"width\":77,\"height\":36,\"caption\":\"Progic\"},\"image\":{\"@id\":\"https:\\\/\\\/progic.com.br\\\/es\\\/#\\\/schema\\\/logo\\\/image\\\/\"},\"sameAs\":[\"https:\\\/\\\/www.facebook.com\\\/progic\",\"https:\\\/\\\/www.linkedin.com\\\/company\\\/progic\\\/\",\"https:\\\/\\\/www.instagram.com\\\/progic_tv\\\/\",\"https:\\\/\\\/www.youtube.com\\\/@progictec\",\"https:\\\/\\\/open.spotify.com\\\/show\\\/2zB5c7Np33JFtvAvtrfoad?si=4f34223d51ee4784\"]},{\"@type\":\"Person\",\"@id\":\"https:\\\/\\\/progic.com.br\\\/es\\\/#\\\/schema\\\/person\\\/2ca669f2fbb2660de50cc17fbb11c38f\",\"name\":\"Simone Seguro\"}]}<\/script>\n<!-- \/ Yoast SEO plugin. -->","yoast_head_json":{"title":"D\u00eda Mundial de la Sonrisa: nuevo video disponible - Progic","robots":{"index":"index","follow":"follow","max-snippet":"max-snippet:-1","max-image-preview":"max-image-preview:large","max-video-preview":"max-video-preview:-1"},"canonical":"https:\/\/progic.com.br\/es\/septiembre-amarillo-calendario-del-cuidado\/","og_locale":"es_ES","og_type":"article","og_title":"D\u00eda Mundial de la Sonrisa: nuevo video disponible - Progic","og_description":"Promover el bienestar tambi\u00e9n implica fomentar momentos de alegr\u00eda. El D\u00eda Mundial de la [&hellip;]","og_url":"https:\/\/progic.com.br\/es\/septiembre-amarillo-calendario-del-cuidado\/","og_site_name":"Progic","article_publisher":"https:\/\/www.facebook.com\/progic","article_published_time":"2026-09-04T12:35:57+00:00","article_modified_time":"2026-09-04T12:44:24+00:00","og_image":[{"width":600,"height":300,"url":"https:\/\/progic.com.br\/wp-content\/uploads\/2026\/09\/Email.jpg","type":"image\/jpeg"}],"author":"Simone Seguro","twitter_card":"summary_large_image","twitter_misc":{"Escrito por":"Simone Seguro","Tiempo de lectura":"1 minuto"},"schema":{"@context":"https:\/\/schema.org","@graph":[{"@type":"Article","@id":"https:\/\/progic.com.br\/es\/septiembre-amarillo-calendario-del-cuidado\/#article","isPartOf":{"@id":"https:\/\/progic.com.br\/es\/septiembre-amarillo-calendario-del-cuidado\/"},"author":{"name":"Simone Seguro","@id":"https:\/\/progic.com.br\/es\/#\/schema\/person\/2ca669f2fbb2660de50cc17fbb11c38f"},"headline":"D\u00eda Mundial de la Sonrisa: nuevo video disponible","datePublished":"2026-09-04T12:35:57+00:00","dateModified":"2026-09-04T12:44:24+00:00","mainEntityOfPage":{"@id":"https:\/\/progic.com.br\/es\/septiembre-amarillo-calendario-del-cuidado\/"},"wordCount":100,"publisher":{"@id":"https:\/\/progic.com.br\/es\/#organization"},"image":{"@id":"https:\/\/progic.com.br\/es\/septiembre-amarillo-calendario-del-cuidado\/#primaryimage"},"thumbnailUrl":"https:\/\/progic.com.br\/wp-content\/uploads\/2026\/09\/Email.jpg","articleSection":["Campanhas","Campanhas","Novos Conte\u00fados","Novos Conte\u00fados"],"inLanguage":"es"},{"@type":"WebPage","@id":"https:\/\/progic.com.br\/es\/septiembre-amarillo-calendario-del-cuidado\/","url":"https:\/\/progic.com.br\/es\/septiembre-amarillo-calendario-del-cuidado\/","name":"D\u00eda Mundial de la Sonrisa: nuevo video disponible - Progic","isPartOf":{"@id":"https:\/\/progic.com.br\/es\/#website"},"primaryImageOfPage":{"@id":"https:\/\/progic.com.br\/es\/septiembre-amarillo-calendario-del-cuidado\/#primaryimage"},"image":{"@id":"https:\/\/progic.com.br\/es\/septiembre-amarillo-calendario-del-cuidado\/#primaryimage"},"thumbnailUrl":"https:\/\/progic.com.br\/wp-content\/uploads\/2026\/09\/Email.jpg","datePublished":"2026-09-04T12:35:57+00:00","dateModified":"2026-09-04T12:44:24+00:00","breadcrumb":{"@id":"https:\/\/progic.com.br\/es\/septiembre-amarillo-calendario-del-cuidado\/#breadcrumb"},"inLanguage":"es","potentialAction":[{"@type":"ReadAction","target":["https:\/\/progic.com.br\/es\/septiembre-amarillo-calendario-del-cuidado\/"]}]},{"@type":"ImageObject","inLanguage":"es","@id":"https:\/\/progic.com.br\/es\/septiembre-amarillo-calendario-del-cuidado\/#primaryimage","url":"https:\/\/progic.com.br\/wp-content\/uploads\/2026\/09\/Email.jpg","contentUrl":"https:\/\/progic.com.br\/wp-content\/uploads\/2026\/09\/Email.jpg","width":600,"height":300},{"@type":"BreadcrumbList","@id":"https:\/\/progic.com.br\/es\/septiembre-amarillo-calendario-del-cuidado\/#breadcrumb","itemListElement":[{"@type":"ListItem","position":1,"name":"In\u00edcio","item":"https:\/\/progic.com.br\/es\/"},{"@type":"ListItem","position":2,"name":"D\u00eda Mundial de la Sonrisa: nuevo video disponible"}]},{"@type":"WebSite","@id":"https:\/\/progic.com.br\/es\/#website","url":"https:\/\/progic.com.br\/es\/","name":"Progic","description":"Conectamos pessoas. Simples assim.","publisher":{"@id":"https:\/\/progic.com.br\/es\/#organization"},"potentialAction":[{"@type":"SearchAction","target":{"@type":"EntryPoint","urlTemplate":"https:\/\/progic.com.br\/es\/?s={search_term_string}"},"query-input":{"@type":"PropertyValueSpecification","valueRequired":true,"valueName":"search_term_string"}}],"inLanguage":"es"},{"@type":"Organization","@id":"https:\/\/progic.com.br\/es\/#organization","name":"Progic","url":"https:\/\/progic.com.br\/es\/","logo":{"@type":"ImageObject","inLanguage":"es","@id":"https:\/\/progic.com.br\/es\/#\/schema\/logo\/image\/","url":"https:\/\/progic.com.br\/wp-content\/uploads\/2024\/03\/1-logo-progic-77x36-1.png","contentUrl":"https:\/\/progic.com.br\/wp-content\/uploads\/2024\/03\/1-logo-progic-77x36-1.png","width":77,"height":36,"caption":"Progic"},"image":{"@id":"https:\/\/progic.com.br\/es\/#\/schema\/logo\/image\/"},"sameAs":["https:\/\/www.facebook.com\/progic","https:\/\/www.linkedin.com\/company\/progic\/","https:\/\/www.instagram.com\/progic_tv\/","https:\/\/www.youtube.com\/@progictec","https:\/\/open.spotify.com\/show\/2zB5c7Np33JFtvAvtrfoad?si=4f34223d51ee4784"]},{"@type":"Person","@id":"https:\/\/progic.com.br\/es\/#\/schema\/person\/2ca669f2fbb2660de50cc17fbb11c38f","name":"Simone Seguro"}]}},"_links":{"self":[{"href":"https:\/\/progic.com.br\/es\/wp-json\/wp\/v2\/posts\/23937","targetHints":{"allow":["GET"]}}],"collection":[{"href":"https:\/\/progic.com.br\/es\/wp-json\/wp\/v2\/posts"}],"about":[{"href":"https:\/\/progic.com.br\/es\/wp-json\/wp\/v2\/types\/post"}],"author":[{"embeddable":true,"href":"https:\/\/progic.com.br\/es\/wp-json\/wp\/v2\/users\/15"}],"replies":[{"embeddable":true,"href":"https:\/\/progic.com.br\/es\/wp-json\/wp\/v2\/comments?post=23937"}],"version-history":[{"count":2,"href":"https:\/\/progic.com.br\/es\/wp-json\/wp\/v2\/posts\/23937\/revisions"}],"predecessor-version":[{"id":23946,"href":"https:\/\/progic.com.br\/es\/wp-json\/wp\/v2\/posts\/23937\/revisions\/23946"}],"wp:featuredmedia":[{"embeddable":true,"href":"https:\/\/progic.com.br\/es\/wp-json\/wp\/v2\/media\/23940"}],"wp:attachment":[{"href":"https:\/\/progic.com.br\/es\/wp-json\/wp\/v2\/media?parent=23937"}],"wp:term":[{"taxonomy":"category","embeddable":true,"href":"https:\/\/progic.com.br\/es\/wp-json\/wp\/v2\/categories?post=23937"},{"taxonomy":"post_tag","embeddable":true,"href":"https:\/\/progic.com.br\/es\/wp-json\/wp\/v2\/tags?post=23937"}],"curies":[{"name":"wp","href":"https:\/\/api.w.org\/{rel}","templated":true}]}}