{"id":23853,"date":"2026-08-31T16:34:43","date_gmt":"2026-08-31T19:34:43","guid":{"rendered":"https:\/\/progic.com.br\/?p=23853"},"modified":"2026-08-31T16:39:18","modified_gmt":"2026-08-31T19:39:18","slug":"dia-del-padre-campana-y-kit-para-un-homenaje-especial","status":"publish","type":"post","link":"https:\/\/progic.com.br\/es\/dia-del-padre-campana-y-kit-para-un-homenaje-especial\/","title":{"rendered":"D\u00eda de los Abuelos: comparte tu homenaje"},"content":{"rendered":"\n<p class=\"wp-block-paragraph\">Ellos son una fuente de cari\u00f1o, sabidur\u00eda e historias que trascienden generaciones. Para celebrar el D\u00eda de los Abuelos, te invitamos a participar en esta campa\u00f1a especial enviando una foto y un mensaje en homenaje a tus abuelos.Comparte recuerdos de quienes dejaron ense\u00f1anzas inolvidables en tu vida. Tu participaci\u00f3n ayudar\u00e1 a que este homenaje sea a\u00fan m\u00e1s emotivo y significativo.\u00a1Celebra ese amor que inspira, acompa\u00f1a y conecta generaciones!<\/p>\n\n\n\n<p class=\"wp-block-paragraph\">Conte\u00fados > Creative > Templates Institucionais > Campanhas Colaborativas<\/p>\n\n\n\n<figure class=\"wp-block-embed is-type-video is-provider-youtube wp-block-embed-youtube wp-embed-aspect-16-9 wp-has-aspect-ratio\"><div class=\"wp-block-embed__wrapper\">\n<iframe loading=\"lazy\" title=\"Dia dos Av\u00f3s - Campanha Colaborativa\" width=\"500\" height=\"281\" src=\"https:\/\/www.youtube.com\/embed\/fifKFXN7mkI?feature=oembed\" frameborder=\"0\" allow=\"accelerometer; autoplay; clipboard-write; encrypted-media; gyroscope; picture-in-picture; web-share\" referrerpolicy=\"strict-origin-when-cross-origin\" allowfullscreen><\/iframe>\n<\/div><\/figure>\n","protected":false},"excerpt":{"rendered":"<p>Ellos son una fuente de cari\u00f1o, sabidur\u00eda e historias que trascienden generaciones. Para celebrar [&hellip;]<\/p>\n","protected":false},"author":15,"featured_media":23856,"comment_status":"closed","ping_status":"closed","sticky":false,"template":"","format":"standard","meta":{"_acf_changed":false,"footnotes":""},"categories":[9,36,3,37],"tags":[],"class_list":["post-23853","post","type-post","status-publish","format-standard","has-post-thumbnail","hentry","category-campanhas","category-novos-conteudos"],"acf":[],"yoast_head":"<!-- This site is optimized with the Yoast SEO plugin v27.7 - https:\/\/yoast.com\/product\/yoast-seo-wordpress\/ -->\n<title>D\u00eda de los Abuelos: comparte tu homenaje - Progic<\/title>\n<meta name=\"robots\" content=\"index, follow, max-snippet:-1, max-image-preview:large, max-video-preview:-1\" \/>\n<link rel=\"canonical\" href=\"https:\/\/progic.com.br\/es\/dia-del-padre-campana-y-kit-para-un-homenaje-especial\/\" \/>\n<meta property=\"og:locale\" content=\"es_ES\" \/>\n<meta property=\"og:type\" content=\"article\" \/>\n<meta property=\"og:title\" content=\"D\u00eda de los Abuelos: comparte tu homenaje - Progic\" \/>\n<meta property=\"og:description\" content=\"Ellos son una fuente de cari\u00f1o, sabidur\u00eda e historias que trascienden generaciones. Para celebrar [&hellip;]\" \/>\n<meta property=\"og:url\" content=\"https:\/\/progic.com.br\/es\/dia-del-padre-campana-y-kit-para-un-homenaje-especial\/\" \/>\n<meta property=\"og:site_name\" content=\"Progic\" \/>\n<meta property=\"article:publisher\" content=\"https:\/\/www.facebook.com\/progic\" \/>\n<meta property=\"article:published_time\" content=\"2026-08-31T19:34:43+00:00\" \/>\n<meta property=\"article:modified_time\" content=\"2026-08-31T19:39:18+00:00\" \/>\n<meta property=\"og:image\" content=\"https:\/\/progic.com.br\/wp-content\/uploads\/2026\/08\/Email-6.png\" \/>\n\t<meta property=\"og:image:width\" content=\"600\" \/>\n\t<meta property=\"og:image:height\" content=\"300\" \/>\n\t<meta property=\"og:image:type\" content=\"image\/png\" \/>\n<meta name=\"author\" content=\"Simone Seguro\" \/>\n<meta name=\"twitter:card\" content=\"summary_large_image\" \/>\n<meta name=\"twitter:label1\" content=\"Escrito por\" \/>\n\t<meta name=\"twitter:data1\" content=\"Simone Seguro\" \/>\n\t<meta name=\"twitter:label2\" content=\"Tiempo de lectura\" \/>\n\t<meta name=\"twitter:data2\" content=\"1 minuto\" \/>\n<script type=\"application\/ld+json\" class=\"yoast-schema-graph\">{\"@context\":\"https:\\\/\\\/schema.org\",\"@graph\":[{\"@type\":\"Article\",\"@id\":\"https:\\\/\\\/progic.com.br\\\/es\\\/dia-del-padre-campana-y-kit-para-un-homenaje-especial\\\/#article\",\"isPartOf\":{\"@id\":\"https:\\\/\\\/progic.com.br\\\/es\\\/dia-del-padre-campana-y-kit-para-un-homenaje-especial\\\/\"},\"author\":{\"name\":\"Simone Seguro\",\"@id\":\"https:\\\/\\\/progic.com.br\\\/es\\\/#\\\/schema\\\/person\\\/2ca669f2fbb2660de50cc17fbb11c38f\"},\"headline\":\"D\u00eda de los Abuelos: comparte tu homenaje\",\"datePublished\":\"2026-08-31T19:34:43+00:00\",\"dateModified\":\"2026-08-31T19:39:18+00:00\",\"mainEntityOfPage\":{\"@id\":\"https:\\\/\\\/progic.com.br\\\/es\\\/dia-del-padre-campana-y-kit-para-un-homenaje-especial\\\/\"},\"wordCount\":102,\"publisher\":{\"@id\":\"https:\\\/\\\/progic.com.br\\\/es\\\/#organization\"},\"image\":{\"@id\":\"https:\\\/\\\/progic.com.br\\\/es\\\/dia-del-padre-campana-y-kit-para-un-homenaje-especial\\\/#primaryimage\"},\"thumbnailUrl\":\"https:\\\/\\\/progic.com.br\\\/wp-content\\\/uploads\\\/2026\\\/08\\\/Email-6.png\",\"articleSection\":[\"Campanhas\",\"Campanhas\",\"Novos Conte\u00fados\",\"Novos Conte\u00fados\"],\"inLanguage\":\"es\"},{\"@type\":\"WebPage\",\"@id\":\"https:\\\/\\\/progic.com.br\\\/es\\\/dia-del-padre-campana-y-kit-para-un-homenaje-especial\\\/\",\"url\":\"https:\\\/\\\/progic.com.br\\\/es\\\/dia-del-padre-campana-y-kit-para-un-homenaje-especial\\\/\",\"name\":\"D\u00eda de los Abuelos: comparte tu homenaje - Progic\",\"isPartOf\":{\"@id\":\"https:\\\/\\\/progic.com.br\\\/es\\\/#website\"},\"primaryImageOfPage\":{\"@id\":\"https:\\\/\\\/progic.com.br\\\/es\\\/dia-del-padre-campana-y-kit-para-un-homenaje-especial\\\/#primaryimage\"},\"image\":{\"@id\":\"https:\\\/\\\/progic.com.br\\\/es\\\/dia-del-padre-campana-y-kit-para-un-homenaje-especial\\\/#primaryimage\"},\"thumbnailUrl\":\"https:\\\/\\\/progic.com.br\\\/wp-content\\\/uploads\\\/2026\\\/08\\\/Email-6.png\",\"datePublished\":\"2026-08-31T19:34:43+00:00\",\"dateModified\":\"2026-08-31T19:39:18+00:00\",\"breadcrumb\":{\"@id\":\"https:\\\/\\\/progic.com.br\\\/es\\\/dia-del-padre-campana-y-kit-para-un-homenaje-especial\\\/#breadcrumb\"},\"inLanguage\":\"es\",\"potentialAction\":[{\"@type\":\"ReadAction\",\"target\":[\"https:\\\/\\\/progic.com.br\\\/es\\\/dia-del-padre-campana-y-kit-para-un-homenaje-especial\\\/\"]}]},{\"@type\":\"ImageObject\",\"inLanguage\":\"es\",\"@id\":\"https:\\\/\\\/progic.com.br\\\/es\\\/dia-del-padre-campana-y-kit-para-un-homenaje-especial\\\/#primaryimage\",\"url\":\"https:\\\/\\\/progic.com.br\\\/wp-content\\\/uploads\\\/2026\\\/08\\\/Email-6.png\",\"contentUrl\":\"https:\\\/\\\/progic.com.br\\\/wp-content\\\/uploads\\\/2026\\\/08\\\/Email-6.png\",\"width\":600,\"height\":300},{\"@type\":\"BreadcrumbList\",\"@id\":\"https:\\\/\\\/progic.com.br\\\/es\\\/dia-del-padre-campana-y-kit-para-un-homenaje-especial\\\/#breadcrumb\",\"itemListElement\":[{\"@type\":\"ListItem\",\"position\":1,\"name\":\"In\u00edcio\",\"item\":\"https:\\\/\\\/progic.com.br\\\/es\\\/\"},{\"@type\":\"ListItem\",\"position\":2,\"name\":\"D\u00eda de los Abuelos: comparte tu homenaje\"}]},{\"@type\":\"WebSite\",\"@id\":\"https:\\\/\\\/progic.com.br\\\/es\\\/#website\",\"url\":\"https:\\\/\\\/progic.com.br\\\/es\\\/\",\"name\":\"Progic\",\"description\":\"Conectamos pessoas. Simples assim.\",\"publisher\":{\"@id\":\"https:\\\/\\\/progic.com.br\\\/es\\\/#organization\"},\"potentialAction\":[{\"@type\":\"SearchAction\",\"target\":{\"@type\":\"EntryPoint\",\"urlTemplate\":\"https:\\\/\\\/progic.com.br\\\/es\\\/?s={search_term_string}\"},\"query-input\":{\"@type\":\"PropertyValueSpecification\",\"valueRequired\":true,\"valueName\":\"search_term_string\"}}],\"inLanguage\":\"es\"},{\"@type\":\"Organization\",\"@id\":\"https:\\\/\\\/progic.com.br\\\/es\\\/#organization\",\"name\":\"Progic\",\"url\":\"https:\\\/\\\/progic.com.br\\\/es\\\/\",\"logo\":{\"@type\":\"ImageObject\",\"inLanguage\":\"es\",\"@id\":\"https:\\\/\\\/progic.com.br\\\/es\\\/#\\\/schema\\\/logo\\\/image\\\/\",\"url\":\"https:\\\/\\\/progic.com.br\\\/wp-content\\\/uploads\\\/2024\\\/03\\\/1-logo-progic-77x36-1.png\",\"contentUrl\":\"https:\\\/\\\/progic.com.br\\\/wp-content\\\/uploads\\\/2024\\\/03\\\/1-logo-progic-77x36-1.png\",\"width\":77,\"height\":36,\"caption\":\"Progic\"},\"image\":{\"@id\":\"https:\\\/\\\/progic.com.br\\\/es\\\/#\\\/schema\\\/logo\\\/image\\\/\"},\"sameAs\":[\"https:\\\/\\\/www.facebook.com\\\/progic\",\"https:\\\/\\\/www.linkedin.com\\\/company\\\/progic\\\/\",\"https:\\\/\\\/www.instagram.com\\\/progic_tv\\\/\",\"https:\\\/\\\/www.youtube.com\\\/@progictec\",\"https:\\\/\\\/open.spotify.com\\\/show\\\/2zB5c7Np33JFtvAvtrfoad?si=4f34223d51ee4784\"]},{\"@type\":\"Person\",\"@id\":\"https:\\\/\\\/progic.com.br\\\/es\\\/#\\\/schema\\\/person\\\/2ca669f2fbb2660de50cc17fbb11c38f\",\"name\":\"Simone Seguro\"}]}<\/script>\n<!-- \/ Yoast SEO plugin. -->","yoast_head_json":{"title":"D\u00eda de los Abuelos: comparte tu homenaje - Progic","robots":{"index":"index","follow":"follow","max-snippet":"max-snippet:-1","max-image-preview":"max-image-preview:large","max-video-preview":"max-video-preview:-1"},"canonical":"https:\/\/progic.com.br\/es\/dia-del-padre-campana-y-kit-para-un-homenaje-especial\/","og_locale":"es_ES","og_type":"article","og_title":"D\u00eda de los Abuelos: comparte tu homenaje - Progic","og_description":"Ellos son una fuente de cari\u00f1o, sabidur\u00eda e historias que trascienden generaciones. Para celebrar [&hellip;]","og_url":"https:\/\/progic.com.br\/es\/dia-del-padre-campana-y-kit-para-un-homenaje-especial\/","og_site_name":"Progic","article_publisher":"https:\/\/www.facebook.com\/progic","article_published_time":"2026-08-31T19:34:43+00:00","article_modified_time":"2026-08-31T19:39:18+00:00","og_image":[{"width":600,"height":300,"url":"https:\/\/progic.com.br\/wp-content\/uploads\/2026\/08\/Email-6.png","type":"image\/png"}],"author":"Simone Seguro","twitter_card":"summary_large_image","twitter_misc":{"Escrito por":"Simone Seguro","Tiempo de lectura":"1 minuto"},"schema":{"@context":"https:\/\/schema.org","@graph":[{"@type":"Article","@id":"https:\/\/progic.com.br\/es\/dia-del-padre-campana-y-kit-para-un-homenaje-especial\/#article","isPartOf":{"@id":"https:\/\/progic.com.br\/es\/dia-del-padre-campana-y-kit-para-un-homenaje-especial\/"},"author":{"name":"Simone Seguro","@id":"https:\/\/progic.com.br\/es\/#\/schema\/person\/2ca669f2fbb2660de50cc17fbb11c38f"},"headline":"D\u00eda de los Abuelos: comparte tu homenaje","datePublished":"2026-08-31T19:34:43+00:00","dateModified":"2026-08-31T19:39:18+00:00","mainEntityOfPage":{"@id":"https:\/\/progic.com.br\/es\/dia-del-padre-campana-y-kit-para-un-homenaje-especial\/"},"wordCount":102,"publisher":{"@id":"https:\/\/progic.com.br\/es\/#organization"},"image":{"@id":"https:\/\/progic.com.br\/es\/dia-del-padre-campana-y-kit-para-un-homenaje-especial\/#primaryimage"},"thumbnailUrl":"https:\/\/progic.com.br\/wp-content\/uploads\/2026\/08\/Email-6.png","articleSection":["Campanhas","Campanhas","Novos Conte\u00fados","Novos Conte\u00fados"],"inLanguage":"es"},{"@type":"WebPage","@id":"https:\/\/progic.com.br\/es\/dia-del-padre-campana-y-kit-para-un-homenaje-especial\/","url":"https:\/\/progic.com.br\/es\/dia-del-padre-campana-y-kit-para-un-homenaje-especial\/","name":"D\u00eda de los Abuelos: comparte tu homenaje - Progic","isPartOf":{"@id":"https:\/\/progic.com.br\/es\/#website"},"primaryImageOfPage":{"@id":"https:\/\/progic.com.br\/es\/dia-del-padre-campana-y-kit-para-un-homenaje-especial\/#primaryimage"},"image":{"@id":"https:\/\/progic.com.br\/es\/dia-del-padre-campana-y-kit-para-un-homenaje-especial\/#primaryimage"},"thumbnailUrl":"https:\/\/progic.com.br\/wp-content\/uploads\/2026\/08\/Email-6.png","datePublished":"2026-08-31T19:34:43+00:00","dateModified":"2026-08-31T19:39:18+00:00","breadcrumb":{"@id":"https:\/\/progic.com.br\/es\/dia-del-padre-campana-y-kit-para-un-homenaje-especial\/#breadcrumb"},"inLanguage":"es","potentialAction":[{"@type":"ReadAction","target":["https:\/\/progic.com.br\/es\/dia-del-padre-campana-y-kit-para-un-homenaje-especial\/"]}]},{"@type":"ImageObject","inLanguage":"es","@id":"https:\/\/progic.com.br\/es\/dia-del-padre-campana-y-kit-para-un-homenaje-especial\/#primaryimage","url":"https:\/\/progic.com.br\/wp-content\/uploads\/2026\/08\/Email-6.png","contentUrl":"https:\/\/progic.com.br\/wp-content\/uploads\/2026\/08\/Email-6.png","width":600,"height":300},{"@type":"BreadcrumbList","@id":"https:\/\/progic.com.br\/es\/dia-del-padre-campana-y-kit-para-un-homenaje-especial\/#breadcrumb","itemListElement":[{"@type":"ListItem","position":1,"name":"In\u00edcio","item":"https:\/\/progic.com.br\/es\/"},{"@type":"ListItem","position":2,"name":"D\u00eda de los Abuelos: comparte tu homenaje"}]},{"@type":"WebSite","@id":"https:\/\/progic.com.br\/es\/#website","url":"https:\/\/progic.com.br\/es\/","name":"Progic","description":"Conectamos pessoas. Simples assim.","publisher":{"@id":"https:\/\/progic.com.br\/es\/#organization"},"potentialAction":[{"@type":"SearchAction","target":{"@type":"EntryPoint","urlTemplate":"https:\/\/progic.com.br\/es\/?s={search_term_string}"},"query-input":{"@type":"PropertyValueSpecification","valueRequired":true,"valueName":"search_term_string"}}],"inLanguage":"es"},{"@type":"Organization","@id":"https:\/\/progic.com.br\/es\/#organization","name":"Progic","url":"https:\/\/progic.com.br\/es\/","logo":{"@type":"ImageObject","inLanguage":"es","@id":"https:\/\/progic.com.br\/es\/#\/schema\/logo\/image\/","url":"https:\/\/progic.com.br\/wp-content\/uploads\/2024\/03\/1-logo-progic-77x36-1.png","contentUrl":"https:\/\/progic.com.br\/wp-content\/uploads\/2024\/03\/1-logo-progic-77x36-1.png","width":77,"height":36,"caption":"Progic"},"image":{"@id":"https:\/\/progic.com.br\/es\/#\/schema\/logo\/image\/"},"sameAs":["https:\/\/www.facebook.com\/progic","https:\/\/www.linkedin.com\/company\/progic\/","https:\/\/www.instagram.com\/progic_tv\/","https:\/\/www.youtube.com\/@progictec","https:\/\/open.spotify.com\/show\/2zB5c7Np33JFtvAvtrfoad?si=4f34223d51ee4784"]},{"@type":"Person","@id":"https:\/\/progic.com.br\/es\/#\/schema\/person\/2ca669f2fbb2660de50cc17fbb11c38f","name":"Simone Seguro"}]}},"_links":{"self":[{"href":"https:\/\/progic.com.br\/es\/wp-json\/wp\/v2\/posts\/23853","targetHints":{"allow":["GET"]}}],"collection":[{"href":"https:\/\/progic.com.br\/es\/wp-json\/wp\/v2\/posts"}],"about":[{"href":"https:\/\/progic.com.br\/es\/wp-json\/wp\/v2\/types\/post"}],"author":[{"embeddable":true,"href":"https:\/\/progic.com.br\/es\/wp-json\/wp\/v2\/users\/15"}],"replies":[{"embeddable":true,"href":"https:\/\/progic.com.br\/es\/wp-json\/wp\/v2\/comments?post=23853"}],"version-history":[{"count":2,"href":"https:\/\/progic.com.br\/es\/wp-json\/wp\/v2\/posts\/23853\/revisions"}],"predecessor-version":[{"id":23863,"href":"https:\/\/progic.com.br\/es\/wp-json\/wp\/v2\/posts\/23853\/revisions\/23863"}],"wp:featuredmedia":[{"embeddable":true,"href":"https:\/\/progic.com.br\/es\/wp-json\/wp\/v2\/media\/23856"}],"wp:attachment":[{"href":"https:\/\/progic.com.br\/es\/wp-json\/wp\/v2\/media?parent=23853"}],"wp:term":[{"taxonomy":"category","embeddable":true,"href":"https:\/\/progic.com.br\/es\/wp-json\/wp\/v2\/categories?post=23853"},{"taxonomy":"post_tag","embeddable":true,"href":"https:\/\/progic.com.br\/es\/wp-json\/wp\/v2\/tags?post=23853"}],"curies":[{"name":"wp","href":"https:\/\/api.w.org\/{rel}","templated":true}]}}