{"id":23766,"date":"2026-08-28T11:34:44","date_gmt":"2026-08-28T14:34:44","guid":{"rendered":"https:\/\/progic.com.br\/?p=23766"},"modified":"2026-08-28T11:42:09","modified_gmt":"2026-08-28T14:42:09","slug":"campana-mi-equipo-del-dia-nacional-del-futbol","status":"publish","type":"post","link":"https:\/\/progic.com.br\/es\/campana-mi-equipo-del-dia-nacional-del-futbol\/","title":{"rendered":"Serie La econom\u00eda hace el bien \u2013 Econom\u00eda verde"},"content":{"rendered":"\n<p class=\"wp-block-paragraph\">La sostenibilidad tambi\u00e9n implica peque\u00f1as decisiones cotidianas. En el segmento de la serie \u00abLa econom\u00eda beneficia a la sociedad\u00bb, titulado \u00abEconom\u00eda verde\u00bb, los empleados reciben consejos pr\u00e1cticos para reducir los residuos, usar los recursos de forma consciente y adoptar h\u00e1bitos m\u00e1s responsables. Un contenido inspirador que fortalece la cultura de la sostenibilidad y demuestra que ahorrar dinero es posible.<\/p>\n\n\n\n<p class=\"wp-block-paragraph\">Conte\u00fados &gt; Creative &gt; Conte\u00fados Externos da Progic<\/p>\n\n\n\n<figure class=\"wp-block-embed is-type-video is-provider-youtube wp-block-embed-youtube wp-embed-aspect-16-9 wp-has-aspect-ratio\"><div class=\"wp-block-embed__wrapper\">\n<iframe loading=\"lazy\" title=\"S\u00e9rie Economia Faz bem_Economia Verde\" width=\"500\" height=\"281\" src=\"https:\/\/www.youtube.com\/embed\/rfIPVuFHfvk?feature=oembed\" frameborder=\"0\" allow=\"accelerometer; autoplay; clipboard-write; encrypted-media; gyroscope; picture-in-picture; web-share\" referrerpolicy=\"strict-origin-when-cross-origin\" allowfullscreen><\/iframe>\n<\/div><\/figure>\n","protected":false},"excerpt":{"rendered":"<p>La sostenibilidad tambi\u00e9n implica peque\u00f1as decisiones cotidianas. En el segmento de la serie \u00abLa [&hellip;]<\/p>\n","protected":false},"author":14,"featured_media":23769,"comment_status":"closed","ping_status":"closed","sticky":false,"template":"","format":"standard","meta":{"_acf_changed":false,"footnotes":""},"categories":[9,36,3,37],"tags":[],"class_list":["post-23766","post","type-post","status-publish","format-standard","has-post-thumbnail","hentry","category-campanhas","category-novos-conteudos"],"acf":[],"yoast_head":"<!-- This site is optimized with the Yoast SEO plugin v27.7 - https:\/\/yoast.com\/product\/yoast-seo-wordpress\/ -->\n<title>Serie La econom\u00eda hace el bien \u2013 Econom\u00eda verde - Progic<\/title>\n<meta name=\"robots\" content=\"index, follow, max-snippet:-1, max-image-preview:large, max-video-preview:-1\" \/>\n<link rel=\"canonical\" href=\"https:\/\/progic.com.br\/es\/campana-mi-equipo-del-dia-nacional-del-futbol\/\" \/>\n<meta property=\"og:locale\" content=\"es_ES\" \/>\n<meta property=\"og:type\" content=\"article\" \/>\n<meta property=\"og:title\" content=\"Serie La econom\u00eda hace el bien \u2013 Econom\u00eda verde - Progic\" \/>\n<meta property=\"og:description\" content=\"La sostenibilidad tambi\u00e9n implica peque\u00f1as decisiones cotidianas. En el segmento de la serie \u00abLa [&hellip;]\" \/>\n<meta property=\"og:url\" content=\"https:\/\/progic.com.br\/es\/campana-mi-equipo-del-dia-nacional-del-futbol\/\" \/>\n<meta property=\"og:site_name\" content=\"Progic\" \/>\n<meta property=\"article:publisher\" content=\"https:\/\/www.facebook.com\/progic\" \/>\n<meta property=\"article:published_time\" content=\"2026-08-28T14:34:44+00:00\" \/>\n<meta property=\"article:modified_time\" content=\"2026-08-28T14:42:09+00:00\" \/>\n<meta property=\"og:image\" content=\"https:\/\/progic.com.br\/wp-content\/uploads\/2026\/08\/Email.png\" \/>\n\t<meta property=\"og:image:width\" content=\"600\" \/>\n\t<meta property=\"og:image:height\" content=\"300\" \/>\n\t<meta property=\"og:image:type\" content=\"image\/png\" \/>\n<meta name=\"author\" content=\"Israel Barros\" \/>\n<meta name=\"twitter:card\" content=\"summary_large_image\" \/>\n<meta name=\"twitter:label1\" content=\"Escrito por\" \/>\n\t<meta name=\"twitter:data1\" content=\"Israel Barros\" \/>\n\t<meta name=\"twitter:label2\" content=\"Tiempo de lectura\" \/>\n\t<meta name=\"twitter:data2\" content=\"1 minuto\" \/>\n<script type=\"application\/ld+json\" class=\"yoast-schema-graph\">{\"@context\":\"https:\\\/\\\/schema.org\",\"@graph\":[{\"@type\":\"Article\",\"@id\":\"https:\\\/\\\/progic.com.br\\\/es\\\/campana-mi-equipo-del-dia-nacional-del-futbol\\\/#article\",\"isPartOf\":{\"@id\":\"https:\\\/\\\/progic.com.br\\\/es\\\/campana-mi-equipo-del-dia-nacional-del-futbol\\\/\"},\"author\":{\"name\":\"Israel Barros\",\"@id\":\"https:\\\/\\\/progic.com.br\\\/es\\\/#\\\/schema\\\/person\\\/9bbdbdc9bd85c00f5a2243464a6d99ea\"},\"headline\":\"Serie La econom\u00eda hace el bien \u2013 Econom\u00eda verde\",\"datePublished\":\"2026-08-28T14:34:44+00:00\",\"dateModified\":\"2026-08-28T14:42:09+00:00\",\"mainEntityOfPage\":{\"@id\":\"https:\\\/\\\/progic.com.br\\\/es\\\/campana-mi-equipo-del-dia-nacional-del-futbol\\\/\"},\"wordCount\":93,\"publisher\":{\"@id\":\"https:\\\/\\\/progic.com.br\\\/es\\\/#organization\"},\"image\":{\"@id\":\"https:\\\/\\\/progic.com.br\\\/es\\\/campana-mi-equipo-del-dia-nacional-del-futbol\\\/#primaryimage\"},\"thumbnailUrl\":\"https:\\\/\\\/progic.com.br\\\/wp-content\\\/uploads\\\/2026\\\/08\\\/Email.png\",\"articleSection\":[\"Campanhas\",\"Campanhas\",\"Novos Conte\u00fados\",\"Novos Conte\u00fados\"],\"inLanguage\":\"es\"},{\"@type\":\"WebPage\",\"@id\":\"https:\\\/\\\/progic.com.br\\\/es\\\/campana-mi-equipo-del-dia-nacional-del-futbol\\\/\",\"url\":\"https:\\\/\\\/progic.com.br\\\/es\\\/campana-mi-equipo-del-dia-nacional-del-futbol\\\/\",\"name\":\"Serie La econom\u00eda hace el bien \u2013 Econom\u00eda verde - Progic\",\"isPartOf\":{\"@id\":\"https:\\\/\\\/progic.com.br\\\/es\\\/#website\"},\"primaryImageOfPage\":{\"@id\":\"https:\\\/\\\/progic.com.br\\\/es\\\/campana-mi-equipo-del-dia-nacional-del-futbol\\\/#primaryimage\"},\"image\":{\"@id\":\"https:\\\/\\\/progic.com.br\\\/es\\\/campana-mi-equipo-del-dia-nacional-del-futbol\\\/#primaryimage\"},\"thumbnailUrl\":\"https:\\\/\\\/progic.com.br\\\/wp-content\\\/uploads\\\/2026\\\/08\\\/Email.png\",\"datePublished\":\"2026-08-28T14:34:44+00:00\",\"dateModified\":\"2026-08-28T14:42:09+00:00\",\"breadcrumb\":{\"@id\":\"https:\\\/\\\/progic.com.br\\\/es\\\/campana-mi-equipo-del-dia-nacional-del-futbol\\\/#breadcrumb\"},\"inLanguage\":\"es\",\"potentialAction\":[{\"@type\":\"ReadAction\",\"target\":[\"https:\\\/\\\/progic.com.br\\\/es\\\/campana-mi-equipo-del-dia-nacional-del-futbol\\\/\"]}]},{\"@type\":\"ImageObject\",\"inLanguage\":\"es\",\"@id\":\"https:\\\/\\\/progic.com.br\\\/es\\\/campana-mi-equipo-del-dia-nacional-del-futbol\\\/#primaryimage\",\"url\":\"https:\\\/\\\/progic.com.br\\\/wp-content\\\/uploads\\\/2026\\\/08\\\/Email.png\",\"contentUrl\":\"https:\\\/\\\/progic.com.br\\\/wp-content\\\/uploads\\\/2026\\\/08\\\/Email.png\",\"width\":600,\"height\":300},{\"@type\":\"BreadcrumbList\",\"@id\":\"https:\\\/\\\/progic.com.br\\\/es\\\/campana-mi-equipo-del-dia-nacional-del-futbol\\\/#breadcrumb\",\"itemListElement\":[{\"@type\":\"ListItem\",\"position\":1,\"name\":\"In\u00edcio\",\"item\":\"https:\\\/\\\/progic.com.br\\\/es\\\/\"},{\"@type\":\"ListItem\",\"position\":2,\"name\":\"Serie La econom\u00eda hace el bien \u2013 Econom\u00eda verde\"}]},{\"@type\":\"WebSite\",\"@id\":\"https:\\\/\\\/progic.com.br\\\/es\\\/#website\",\"url\":\"https:\\\/\\\/progic.com.br\\\/es\\\/\",\"name\":\"Progic\",\"description\":\"Conectamos pessoas. Simples assim.\",\"publisher\":{\"@id\":\"https:\\\/\\\/progic.com.br\\\/es\\\/#organization\"},\"potentialAction\":[{\"@type\":\"SearchAction\",\"target\":{\"@type\":\"EntryPoint\",\"urlTemplate\":\"https:\\\/\\\/progic.com.br\\\/es\\\/?s={search_term_string}\"},\"query-input\":{\"@type\":\"PropertyValueSpecification\",\"valueRequired\":true,\"valueName\":\"search_term_string\"}}],\"inLanguage\":\"es\"},{\"@type\":\"Organization\",\"@id\":\"https:\\\/\\\/progic.com.br\\\/es\\\/#organization\",\"name\":\"Progic\",\"url\":\"https:\\\/\\\/progic.com.br\\\/es\\\/\",\"logo\":{\"@type\":\"ImageObject\",\"inLanguage\":\"es\",\"@id\":\"https:\\\/\\\/progic.com.br\\\/es\\\/#\\\/schema\\\/logo\\\/image\\\/\",\"url\":\"https:\\\/\\\/progic.com.br\\\/wp-content\\\/uploads\\\/2024\\\/03\\\/1-logo-progic-77x36-1.png\",\"contentUrl\":\"https:\\\/\\\/progic.com.br\\\/wp-content\\\/uploads\\\/2024\\\/03\\\/1-logo-progic-77x36-1.png\",\"width\":77,\"height\":36,\"caption\":\"Progic\"},\"image\":{\"@id\":\"https:\\\/\\\/progic.com.br\\\/es\\\/#\\\/schema\\\/logo\\\/image\\\/\"},\"sameAs\":[\"https:\\\/\\\/www.facebook.com\\\/progic\",\"https:\\\/\\\/www.linkedin.com\\\/company\\\/progic\\\/\",\"https:\\\/\\\/www.instagram.com\\\/progic_tv\\\/\",\"https:\\\/\\\/www.youtube.com\\\/@progictec\",\"https:\\\/\\\/open.spotify.com\\\/show\\\/2zB5c7Np33JFtvAvtrfoad?si=4f34223d51ee4784\"]},{\"@type\":\"Person\",\"@id\":\"https:\\\/\\\/progic.com.br\\\/es\\\/#\\\/schema\\\/person\\\/9bbdbdc9bd85c00f5a2243464a6d99ea\",\"name\":\"Israel Barros\"}]}<\/script>\n<!-- \/ Yoast SEO plugin. -->","yoast_head_json":{"title":"Serie La econom\u00eda hace el bien \u2013 Econom\u00eda verde - Progic","robots":{"index":"index","follow":"follow","max-snippet":"max-snippet:-1","max-image-preview":"max-image-preview:large","max-video-preview":"max-video-preview:-1"},"canonical":"https:\/\/progic.com.br\/es\/campana-mi-equipo-del-dia-nacional-del-futbol\/","og_locale":"es_ES","og_type":"article","og_title":"Serie La econom\u00eda hace el bien \u2013 Econom\u00eda verde - Progic","og_description":"La sostenibilidad tambi\u00e9n implica peque\u00f1as decisiones cotidianas. En el segmento de la serie \u00abLa [&hellip;]","og_url":"https:\/\/progic.com.br\/es\/campana-mi-equipo-del-dia-nacional-del-futbol\/","og_site_name":"Progic","article_publisher":"https:\/\/www.facebook.com\/progic","article_published_time":"2026-08-28T14:34:44+00:00","article_modified_time":"2026-08-28T14:42:09+00:00","og_image":[{"width":600,"height":300,"url":"https:\/\/progic.com.br\/wp-content\/uploads\/2026\/08\/Email.png","type":"image\/png"}],"author":"Israel Barros","twitter_card":"summary_large_image","twitter_misc":{"Escrito por":"Israel Barros","Tiempo de lectura":"1 minuto"},"schema":{"@context":"https:\/\/schema.org","@graph":[{"@type":"Article","@id":"https:\/\/progic.com.br\/es\/campana-mi-equipo-del-dia-nacional-del-futbol\/#article","isPartOf":{"@id":"https:\/\/progic.com.br\/es\/campana-mi-equipo-del-dia-nacional-del-futbol\/"},"author":{"name":"Israel Barros","@id":"https:\/\/progic.com.br\/es\/#\/schema\/person\/9bbdbdc9bd85c00f5a2243464a6d99ea"},"headline":"Serie La econom\u00eda hace el bien \u2013 Econom\u00eda verde","datePublished":"2026-08-28T14:34:44+00:00","dateModified":"2026-08-28T14:42:09+00:00","mainEntityOfPage":{"@id":"https:\/\/progic.com.br\/es\/campana-mi-equipo-del-dia-nacional-del-futbol\/"},"wordCount":93,"publisher":{"@id":"https:\/\/progic.com.br\/es\/#organization"},"image":{"@id":"https:\/\/progic.com.br\/es\/campana-mi-equipo-del-dia-nacional-del-futbol\/#primaryimage"},"thumbnailUrl":"https:\/\/progic.com.br\/wp-content\/uploads\/2026\/08\/Email.png","articleSection":["Campanhas","Campanhas","Novos Conte\u00fados","Novos Conte\u00fados"],"inLanguage":"es"},{"@type":"WebPage","@id":"https:\/\/progic.com.br\/es\/campana-mi-equipo-del-dia-nacional-del-futbol\/","url":"https:\/\/progic.com.br\/es\/campana-mi-equipo-del-dia-nacional-del-futbol\/","name":"Serie La econom\u00eda hace el bien \u2013 Econom\u00eda verde - Progic","isPartOf":{"@id":"https:\/\/progic.com.br\/es\/#website"},"primaryImageOfPage":{"@id":"https:\/\/progic.com.br\/es\/campana-mi-equipo-del-dia-nacional-del-futbol\/#primaryimage"},"image":{"@id":"https:\/\/progic.com.br\/es\/campana-mi-equipo-del-dia-nacional-del-futbol\/#primaryimage"},"thumbnailUrl":"https:\/\/progic.com.br\/wp-content\/uploads\/2026\/08\/Email.png","datePublished":"2026-08-28T14:34:44+00:00","dateModified":"2026-08-28T14:42:09+00:00","breadcrumb":{"@id":"https:\/\/progic.com.br\/es\/campana-mi-equipo-del-dia-nacional-del-futbol\/#breadcrumb"},"inLanguage":"es","potentialAction":[{"@type":"ReadAction","target":["https:\/\/progic.com.br\/es\/campana-mi-equipo-del-dia-nacional-del-futbol\/"]}]},{"@type":"ImageObject","inLanguage":"es","@id":"https:\/\/progic.com.br\/es\/campana-mi-equipo-del-dia-nacional-del-futbol\/#primaryimage","url":"https:\/\/progic.com.br\/wp-content\/uploads\/2026\/08\/Email.png","contentUrl":"https:\/\/progic.com.br\/wp-content\/uploads\/2026\/08\/Email.png","width":600,"height":300},{"@type":"BreadcrumbList","@id":"https:\/\/progic.com.br\/es\/campana-mi-equipo-del-dia-nacional-del-futbol\/#breadcrumb","itemListElement":[{"@type":"ListItem","position":1,"name":"In\u00edcio","item":"https:\/\/progic.com.br\/es\/"},{"@type":"ListItem","position":2,"name":"Serie La econom\u00eda hace el bien \u2013 Econom\u00eda verde"}]},{"@type":"WebSite","@id":"https:\/\/progic.com.br\/es\/#website","url":"https:\/\/progic.com.br\/es\/","name":"Progic","description":"Conectamos pessoas. Simples assim.","publisher":{"@id":"https:\/\/progic.com.br\/es\/#organization"},"potentialAction":[{"@type":"SearchAction","target":{"@type":"EntryPoint","urlTemplate":"https:\/\/progic.com.br\/es\/?s={search_term_string}"},"query-input":{"@type":"PropertyValueSpecification","valueRequired":true,"valueName":"search_term_string"}}],"inLanguage":"es"},{"@type":"Organization","@id":"https:\/\/progic.com.br\/es\/#organization","name":"Progic","url":"https:\/\/progic.com.br\/es\/","logo":{"@type":"ImageObject","inLanguage":"es","@id":"https:\/\/progic.com.br\/es\/#\/schema\/logo\/image\/","url":"https:\/\/progic.com.br\/wp-content\/uploads\/2024\/03\/1-logo-progic-77x36-1.png","contentUrl":"https:\/\/progic.com.br\/wp-content\/uploads\/2024\/03\/1-logo-progic-77x36-1.png","width":77,"height":36,"caption":"Progic"},"image":{"@id":"https:\/\/progic.com.br\/es\/#\/schema\/logo\/image\/"},"sameAs":["https:\/\/www.facebook.com\/progic","https:\/\/www.linkedin.com\/company\/progic\/","https:\/\/www.instagram.com\/progic_tv\/","https:\/\/www.youtube.com\/@progictec","https:\/\/open.spotify.com\/show\/2zB5c7Np33JFtvAvtrfoad?si=4f34223d51ee4784"]},{"@type":"Person","@id":"https:\/\/progic.com.br\/es\/#\/schema\/person\/9bbdbdc9bd85c00f5a2243464a6d99ea","name":"Israel Barros"}]}},"_links":{"self":[{"href":"https:\/\/progic.com.br\/es\/wp-json\/wp\/v2\/posts\/23766","targetHints":{"allow":["GET"]}}],"collection":[{"href":"https:\/\/progic.com.br\/es\/wp-json\/wp\/v2\/posts"}],"about":[{"href":"https:\/\/progic.com.br\/es\/wp-json\/wp\/v2\/types\/post"}],"author":[{"embeddable":true,"href":"https:\/\/progic.com.br\/es\/wp-json\/wp\/v2\/users\/14"}],"replies":[{"embeddable":true,"href":"https:\/\/progic.com.br\/es\/wp-json\/wp\/v2\/comments?post=23766"}],"version-history":[{"count":2,"href":"https:\/\/progic.com.br\/es\/wp-json\/wp\/v2\/posts\/23766\/revisions"}],"predecessor-version":[{"id":23778,"href":"https:\/\/progic.com.br\/es\/wp-json\/wp\/v2\/posts\/23766\/revisions\/23778"}],"wp:featuredmedia":[{"embeddable":true,"href":"https:\/\/progic.com.br\/es\/wp-json\/wp\/v2\/media\/23769"}],"wp:attachment":[{"href":"https:\/\/progic.com.br\/es\/wp-json\/wp\/v2\/media?parent=23766"}],"wp:term":[{"taxonomy":"category","embeddable":true,"href":"https:\/\/progic.com.br\/es\/wp-json\/wp\/v2\/categories?post=23766"},{"taxonomy":"post_tag","embeddable":true,"href":"https:\/\/progic.com.br\/es\/wp-json\/wp\/v2\/tags?post=23766"}],"curies":[{"name":"wp","href":"https:\/\/api.w.org\/{rel}","templated":true}]}}